{"id":10376,"date":"2018-11-21T00:37:30","date_gmt":"2018-11-20T22:37:30","guid":{"rendered":"http:\/\/www.baglyasalja.hu\/baglyas\/?p=10376"},"modified":"2018-11-21T00:37:30","modified_gmt":"2018-11-20T22:37:30","slug":"halloween","status":"publish","type":"post","link":"http:\/\/www.baglyasalja.hu\/baglyas\/?p=10376","title":{"rendered":"Halloween"},"content":{"rendered":"<p><a href=\"http:\/\/www.baglyasalja.hu\/baglyas\/wp-content\/feltolt\/2018\/11\/003.jpg\"><img loading=\"lazy\" decoding=\"async\" class=\"aligncenter size-medium wp-image-10377\" src=\"http:\/\/www.baglyasalja.hu\/baglyas\/wp-content\/feltolt\/2018\/11\/003-300x225.jpg\" alt=\"\" width=\"300\" height=\"225\" srcset=\"http:\/\/www.baglyasalja.hu\/baglyas\/wp-content\/feltolt\/2018\/11\/003-300x225.jpg 300w, http:\/\/www.baglyasalja.hu\/baglyas\/wp-content\/feltolt\/2018\/11\/003-768x576.jpg 768w, http:\/\/www.baglyasalja.hu\/baglyas\/wp-content\/feltolt\/2018\/11\/003.jpg 800w\" sizes=\"auto, (max-width: 300px) 100vw, 300px\" \/><\/a><\/p>\n<p>Az id\u00e9n is megrendezt\u00fck a T\u00f6kl\u00e1mp\u00e1s farag\u00f3 versenyt, amely ir\u00e1nt a gyerekek nagy \u00e9rdekl\u0151d\u00e9st mutattak. A versenyen r\u00e9szt vettek a Baglyasi tag\u00f3voda, Mened\u00e9k Csal\u00e1dok \u00c1tmeneti Otthona \u00e9s a Di\u00e1kotthonban l\u00e9v\u0151 gyerekek. Meg\u00e9rkez\u00e9s\u00fck ut\u00e1n arcfest\u00e9sben vehettek r\u00e9szt, kedves boszork\u00e1nyunk seg\u00edts\u00e9g\u00e9vel \u00e1tv\u00e1ltozhattak.<\/p>\n<p>A r\u00e9sztvev\u0151k csapatokban dolgozva faraghatt\u00e1k ki a t\u00f6kl\u00e1mp\u00e1saikat, amelynek fant\u00e1zi\u00e1juk szabott hat\u00e1rt. Az elk\u00e9sz\u00fclt l\u00e1mp\u00e1sokba m\u00e9csest gy\u00fajtottak. A zs\u0171ri s\u00f6t\u00e9tben is megn\u00e9zte a vil\u00e1g\u00edt\u00f3 alkot\u00e1sokat. A v\u00e1laszt\u00e1s azonban neh\u00e9znek bizonyult \u00edgy a meglepet\u00e9stort\u00e1kb\u00f3l mindenki kapott.<\/p>\n<p>Nagyon sokan t\u00e1mogatt\u00e1k rendezv\u00e9ny\u00fcnket \u00e9dess\u00e9ggel, r\u00e1gcs\u00e1lni val\u00f3val, amelyet a gyerekek k\u00f6z\u00f6tt kiosztottunk a rendezv\u00e9ny v\u00e9g\u00e9n.<\/p>\n<p>A t\u00e1mogat\u00f3inknak ez\u00faton is k\u00f6sz\u00f6nj\u00fck a seg\u00edts\u00e9get.<\/p>\n<p>H\u00e1romn\u00e9 H\u00eddv\u00e9gi Andrea<\/p>\n<p>[ngg_images source=&#8221;galleries&#8221; container_ids=&#8221;273&#8243; display_type=&#8221;photocrati-nextgen_basic_thumbnails&#8221; override_thumbnail_settings=&#8221;1&#8243; thumbnail_width=&#8221;100&#8243; thumbnail_height=&#8221;75&#8243; thumbnail_crop=&#8221;1&#8243; images_per_page=&#8221;0&#8243; number_of_columns=&#8221;0&#8243; ajax_pagination=&#8221;1&#8243; show_all_in_lightbox=&#8221;0&#8243; use_imagebrowser_effect=&#8221;0&#8243; show_slideshow_link=&#8221;0&#8243; slideshow_link_text=&#8221;[Diavet\u00edt\u00e9s]&#8221; order_by=&#8221;filename&#8221; order_direction=&#8221;ASC&#8221; returns=&#8221;included&#8221; maximum_entity_count=&#8221;500&#8243;]<\/p>\n","protected":false},"excerpt":{"rendered":"<p>Az id\u00e9n is megrendezt\u00fck a T\u00f6kl\u00e1mp\u00e1s farag\u00f3 versenyt, amely ir\u00e1nt a gyerekek nagy \u00e9rdekl\u0151d\u00e9st mutattak. A versenyen r\u00e9szt vettek a Baglyasi tag\u00f3voda, Mened\u00e9k Csal\u00e1dok \u00c1tmeneti Otthona \u00e9s a Di\u00e1kotthonban l\u00e9v\u0151 gyerekek. Meg\u00e9rkez\u00e9s\u00fck ut\u00e1n arcfest\u00e9sben&#46;&#46;&#46;<\/p>\n","protected":false},"author":4,"featured_media":10377,"comment_status":"open","ping_status":"open","sticky":false,"template":"","format":"standard","meta":{"footnotes":""},"categories":[1],"tags":[],"class_list":["post-10376","post","type-post","status-publish","format-standard","has-post-thumbnail","hentry","category-baglyasalja"],"_links":{"self":[{"href":"http:\/\/www.baglyasalja.hu\/baglyas\/index.php?rest_route=\/wp\/v2\/posts\/10376","targetHints":{"allow":["GET"]}}],"collection":[{"href":"http:\/\/www.baglyasalja.hu\/baglyas\/index.php?rest_route=\/wp\/v2\/posts"}],"about":[{"href":"http:\/\/www.baglyasalja.hu\/baglyas\/index.php?rest_route=\/wp\/v2\/types\/post"}],"author":[{"embeddable":true,"href":"http:\/\/www.baglyasalja.hu\/baglyas\/index.php?rest_route=\/wp\/v2\/users\/4"}],"replies":[{"embeddable":true,"href":"http:\/\/www.baglyasalja.hu\/baglyas\/index.php?rest_route=%2Fwp%2Fv2%2Fcomments&post=10376"}],"version-history":[{"count":1,"href":"http:\/\/www.baglyasalja.hu\/baglyas\/index.php?rest_route=\/wp\/v2\/posts\/10376\/revisions"}],"predecessor-version":[{"id":10378,"href":"http:\/\/www.baglyasalja.hu\/baglyas\/index.php?rest_route=\/wp\/v2\/posts\/10376\/revisions\/10378"}],"wp:featuredmedia":[{"embeddable":true,"href":"http:\/\/www.baglyasalja.hu\/baglyas\/index.php?rest_route=\/wp\/v2\/media\/10377"}],"wp:attachment":[{"href":"http:\/\/www.baglyasalja.hu\/baglyas\/index.php?rest_route=%2Fwp%2Fv2%2Fmedia&parent=10376"}],"wp:term":[{"taxonomy":"category","embeddable":true,"href":"http:\/\/www.baglyasalja.hu\/baglyas\/index.php?rest_route=%2Fwp%2Fv2%2Fcategories&post=10376"},{"taxonomy":"post_tag","embeddable":true,"href":"http:\/\/www.baglyasalja.hu\/baglyas\/index.php?rest_route=%2Fwp%2Fv2%2Ftags&post=10376"}],"curies":[{"name":"wp","href":"https:\/\/api.w.org\/{rel}","templated":true}]}}