{"id":10326,"date":"2018-11-21T00:04:56","date_gmt":"2018-11-20T22:04:56","guid":{"rendered":"http:\/\/www.baglyasalja.hu\/baglyas\/?p=10326"},"modified":"2018-11-21T00:04:56","modified_gmt":"2018-11-20T22:04:56","slug":"muzeum-latogatas","status":"publish","type":"post","link":"http:\/\/www.baglyasalja.hu\/baglyas\/?p=10326","title":{"rendered":"M\u00fazeum l\u00e1togat\u00e1s"},"content":{"rendered":"<p><a href=\"http:\/\/www.baglyasalja.hu\/baglyas\/wp-content\/feltolt\/2018\/11\/b001.jpg\"><img loading=\"lazy\" decoding=\"async\" class=\"aligncenter size-full wp-image-10344\" src=\"http:\/\/www.baglyasalja.hu\/baglyas\/wp-content\/feltolt\/2018\/11\/b001.jpg\" alt=\"\" width=\"450\" height=\"300\" srcset=\"http:\/\/www.baglyasalja.hu\/baglyas\/wp-content\/feltolt\/2018\/11\/b001.jpg 450w, http:\/\/www.baglyasalja.hu\/baglyas\/wp-content\/feltolt\/2018\/11\/b001-300x200.jpg 300w\" sizes=\"auto, (max-width: 450px) 100vw, 450px\" \/><\/a><\/p>\n<p style=\"text-align: center;\">L\u00e1togat\u00e1st tett\u00fcnk a Dornyai B\u00e9la M\u00fazeumban a &#8222;Besz\u00e9des csontjaink&#8221; c\u00edm\u0171 antropol\u00f3giai ki\u00e1ll\u00edt\u00e1st n\u00e9zt\u00fck meg. Kis csoportunknak egy t\u00e1rlatvezet\u0151 h\u00f6lgy r\u00e9szletesen elmagyar\u00e1zta a t\u00e1bl\u00e1k jelent\u00e9s\u00e9t. A ki\u00e1ll\u00edtott csontokr\u00f3l, kopony\u00e1kr\u00f3l megtudtuk, hogy mi is a t\u00f6rt\u00e9net\u00fck. Egy r\u00f6vidfilmet tudtunk megn\u00e9zni arr\u00f3l, hogy az antropol\u00f3gusok hogyan rakj\u00e1k fel a k\u00fcl\u00f6nb\u00f6z\u0151 r\u00e9tegeket a kopony\u00e1ra. Ezekb\u0151l a r\u00e9tegekb\u0151l v\u00e9g\u00fcl kialakul egy arcvon\u00e1s, amely megmutatja hogyan is n\u00e9zett ki az adott illet\u0151 arca, szeme, sz\u00e1ja \u00e9s orra. V\u00e9g\u00fcl mindenki gazdagodott \u00faj \u00e9s \u00e9rdekes ismerettel, kijelenthetj\u00fck, hogy nem mindennapi ki\u00e1ll\u00edt\u00e1st tudtunk megn\u00e9zni.<\/p>\n<p style=\"text-align: right;\">H\u00e1romn\u00e9 H\u00eddv\u00e9gi Andrea<\/p>\n<p>[ngg_images source=&#8221;galleries&#8221; container_ids=&#8221;272&#8243; display_type=&#8221;photocrati-nextgen_basic_thumbnails&#8221; override_thumbnail_settings=&#8221;1&#8243; thumbnail_width=&#8221;100&#8243; thumbnail_height=&#8221;75&#8243; thumbnail_crop=&#8221;1&#8243; images_per_page=&#8221;0&#8243; number_of_columns=&#8221;0&#8243; ajax_pagination=&#8221;1&#8243; show_all_in_lightbox=&#8221;0&#8243; use_imagebrowser_effect=&#8221;0&#8243; show_slideshow_link=&#8221;0&#8243; slideshow_link_text=&#8221;[Diavet\u00edt\u00e9s]&#8221; order_by=&#8221;filename&#8221; order_direction=&#8221;ASC&#8221; returns=&#8221;included&#8221; maximum_entity_count=&#8221;500&#8243;]<\/p>\n","protected":false},"excerpt":{"rendered":"<p>L\u00e1togat\u00e1st tett\u00fcnk a Dornyai B\u00e9la M\u00fazeumban a &#8222;Besz\u00e9des csontjaink&#8221; c\u00edm\u0171 antropol\u00f3giai ki\u00e1ll\u00edt\u00e1st n\u00e9zt\u00fck meg. Kis csoportunknak egy t\u00e1rlatvezet\u0151 h\u00f6lgy r\u00e9szletesen elmagyar\u00e1zta a t\u00e1bl\u00e1k jelent\u00e9s\u00e9t. A ki\u00e1ll\u00edtott csontokr\u00f3l, kopony\u00e1kr\u00f3l megtudtuk, hogy mi is a t\u00f6rt\u00e9net\u00fck.&#46;&#46;&#46;<\/p>\n","protected":false},"author":4,"featured_media":10344,"comment_status":"open","ping_status":"open","sticky":false,"template":"","format":"standard","meta":{"footnotes":""},"categories":[1],"tags":[],"class_list":["post-10326","post","type-post","status-publish","format-standard","has-post-thumbnail","hentry","category-baglyasalja"],"_links":{"self":[{"href":"http:\/\/www.baglyasalja.hu\/baglyas\/index.php?rest_route=\/wp\/v2\/posts\/10326","targetHints":{"allow":["GET"]}}],"collection":[{"href":"http:\/\/www.baglyasalja.hu\/baglyas\/index.php?rest_route=\/wp\/v2\/posts"}],"about":[{"href":"http:\/\/www.baglyasalja.hu\/baglyas\/index.php?rest_route=\/wp\/v2\/types\/post"}],"author":[{"embeddable":true,"href":"http:\/\/www.baglyasalja.hu\/baglyas\/index.php?rest_route=\/wp\/v2\/users\/4"}],"replies":[{"embeddable":true,"href":"http:\/\/www.baglyasalja.hu\/baglyas\/index.php?rest_route=%2Fwp%2Fv2%2Fcomments&post=10326"}],"version-history":[{"count":3,"href":"http:\/\/www.baglyasalja.hu\/baglyas\/index.php?rest_route=\/wp\/v2\/posts\/10326\/revisions"}],"predecessor-version":[{"id":10345,"href":"http:\/\/www.baglyasalja.hu\/baglyas\/index.php?rest_route=\/wp\/v2\/posts\/10326\/revisions\/10345"}],"wp:featuredmedia":[{"embeddable":true,"href":"http:\/\/www.baglyasalja.hu\/baglyas\/index.php?rest_route=\/wp\/v2\/media\/10344"}],"wp:attachment":[{"href":"http:\/\/www.baglyasalja.hu\/baglyas\/index.php?rest_route=%2Fwp%2Fv2%2Fmedia&parent=10326"}],"wp:term":[{"taxonomy":"category","embeddable":true,"href":"http:\/\/www.baglyasalja.hu\/baglyas\/index.php?rest_route=%2Fwp%2Fv2%2Fcategories&post=10326"},{"taxonomy":"post_tag","embeddable":true,"href":"http:\/\/www.baglyasalja.hu\/baglyas\/index.php?rest_route=%2Fwp%2Fv2%2Ftags&post=10326"}],"curies":[{"name":"wp","href":"https:\/\/api.w.org\/{rel}","templated":true}]}}