{"id":10294,"date":"2018-11-20T23:12:22","date_gmt":"2018-11-20T21:12:22","guid":{"rendered":"http:\/\/www.baglyasalja.hu\/baglyas\/?p=10294"},"modified":"2018-11-20T23:12:22","modified_gmt":"2018-11-20T21:12:22","slug":"kiallitas-4","status":"publish","type":"post","link":"http:\/\/www.baglyasalja.hu\/baglyas\/?p=10294","title":{"rendered":"Ki\u00e1ll\u00edt\u00e1s"},"content":{"rendered":"<h1 style=\"text-align: center;\"><strong>\u201e A sz\u00e9ps\u00e9g teremt m\u0171v\u00e9szetet\u201d<\/strong><\/h1>\n<p style=\"text-align: center;\">Fancsik De\u00e1k Ibolya alkot\u00f3 ki\u00e1ll\u00edt\u00e1sa<\/p>\n<p>&nbsp;\u201eCsak az er\u0151s ember ismeri a szeretetet, csak a szeretet \u00e9rti meg a sz\u00e9ps\u00e9get, csak a sz\u00e9ps\u00e9g teremt m\u0171v\u00e9szetet.\u201d<\/p>\n<p style=\"text-align: right;\">\/Richard Wagner\/<\/p>\n<p>Saj\u00e1t \u00e9rz\u00e9svil\u00e1g\u00e1t \u00e9s hitvall\u00e1s\u00e1t t\u00fckr\u00f6z\u0151 id\u00e9zet r\u00e9szlet\u00e9t v\u00e1lasztotta ki\u00e1ll\u00edt\u00e1s\u00e1nak mott\u00f3jak\u00e9nt az alkot\u00f3, akinek m\u0171veit 2018.okt\u00f3ber 25-\u00e9n l\u00e1thattuk a Gondvisel\u00e9s H\u00e1za \u2013 Baglyask\u0151 Id\u0151skor\u00faak Otthon\u00e1nak ki\u00e1ll\u00edt\u00f3 helys\u00e9g\u00e9ben. A megnyit\u00f3n t\u00f6bb Salg\u00f3tarj\u00e1ni civilszervezet, az otthon lak\u00f3i, m\u0171v\u00e9szek, bar\u00e1tok \u00e9s \u00e9rdekl\u0151d\u0151k sz\u00e9p sz\u00e1mmal vettek r\u00e9szt. A rendezv\u00e9ny moder\u00e1tora Losonczy Ildik\u00f3 volt.<\/p>\n<p>Holecz Istv\u00e1nn\u00e9 igazgat\u00f3asszony k\u00f6sz\u00f6nt\u0151je ut\u00e1n a Salg\u00f3tarj\u00e1ni \u00d6sszevont \u00d3voda \u00e9s B\u00f6lcs\u0151de<\/p>\n<p>Baglyasi Tag\u00f3vod\u00e1j\u00e1nak \u00f3vod\u00e1sai kis m\u0171sorral k\u00f6sz\u00f6nt\u00f6tt\u00e9k az alkot\u00f3t.<\/p>\n<p>Szenogr\u00e1di V\u00e9gh Erzs\u00e9bet megnyit\u00f3j\u00e1ban feleleven\u00edtette Ibolya munk\u00e1ss\u00e1g\u00e1t az azt meghat\u00e1roz\u00f3 \u00e9lm\u00e9nyeket, tapasztalatokat \u00e9s k\u00e9pi vil\u00e1g\u00e1nak megjelen\u00edt\u00e9s\u00e9nek k\u00fcl\u00f6nb\u00f6z\u0151 form\u00e1it.<\/p>\n<p>M\u00e1r gyermekkor\u00e1ban \u00e9rdekl\u0151d\u00f6tt a vizu\u00e1lis m\u0171v\u00e9szetek ir\u00e1nt \u00e9s n\u0151v\u00e9re \u00f6szt\u00f6nz\u00e9s\u00e9re a k\u00e9s\u0151bbiek folyam m\u00e9lyrehat\u00f3bban kezdett foglalkozni bels\u0151 vil\u00e1g\u00e1nak k\u00e9pi megjelen\u00edt\u00e9s\u00e9vel.<\/p>\n<p>Ibolya \u00f3vodapedag\u00f3gusk\u00e9nt dolgozott nyugd\u00edjaz\u00e1s\u00e1ig.<\/p>\n<p>Telep\u00fcl\u00e9s\u00fcnkh\u00f6z val\u00f3 k\u00f6t\u00f6d\u00e9s\u00e9t mutatja, hogy t\u00f6bb \u00e9vig a baglyasi \u00f3vod\u00e1ban dolgozott ahol a gyerekeket megismertette a m\u0171v\u00e9szet vil\u00e1g\u00e1val \u00e9s a k\u00fcl\u00f6nb\u00f6z\u0151 vizu\u00e1lis technik\u00e1kkal. Az int\u00e9zm\u00e9ny vezet\u0151je B\u00e1ti J\u00e1nosn\u00e9 seg\u00edtette \u00e9s \u00f6szt\u00f6n\u00f6zte ismeretei kisz\u00e9les\u00edt\u00e9s\u00e9ben.<\/p>\n<p>Munk\u00e1ja mellett folyamatosan ismerkedett meg az alkot\u00e1s lehet\u0151s\u00e9geivel \u00e9s hamarosan m\u00e1r l\u00e1thattuk t\u0171zzom\u00e1nc k\u00e9peit. Az SVT-Wamsler-rel akt\u00edv kapcsolatot alak\u00edtott ki. Folyamatosan l\u00e1togatta gy\u00e1r kult\u00farh\u00e1z\u00e1ban szervezett zom\u00e1nc szakk\u00f6ri foglalkoz\u00e1sokat \u00e9s nyaranta alkot\u00f3t\u00e1borokat szervezett a technikai ismeretek kisz\u00e9les\u00edt\u00e9se \u00e9rdek\u00e9ben. &nbsp;A k\u00f6z\u00f6s alkot\u00f3 tev\u00e9kenys\u00e9g az alkot\u00f3t\u00e1rsak seg\u00edts\u00e9ge nagy lend\u00fcletet adott m\u0171v\u00e9szi fejl\u0151d\u00e9s\u00e9re \u00e9s ennek k\u00f6vetkezt\u00e9ben m\u00e1s technik\u00e1k ir\u00e1nt is \u00e9rdekl\u0151d\u00f6tt. T\u0171zzom\u00e1ncokat, lin\u00f3metszeteket, monot\u00edpi\u00e1kat \u00e9s mont\u00e1zsokat k\u00e9sz\u00edt.<\/p>\n<p>Amat\u0151r, expressz\u00edv k\u00e9pz\u0151m\u0171v\u00e9sznek vallja mag\u00e1t, \u00e9lm\u00e9nyeit, gondolatait k\u00f6zvet\u00edt m\u0171veiben. T\u00f6bbf\u00e9le technik\u00e1t alkalmaz az alkot\u00e1sok elk\u00e9sz\u00edt\u00e9se sor\u00e1n. T\u00e9m\u00e1iban f\u0151k\u00e9nt a term\u00e9szet szeretet\u00e9t, tisztelet\u00e9t jelen\u00edti meg, melyet felmen\u0151it\u0151l \u00f6r\u00f6k\u00f6lt.<\/p>\n<p>Tan\u00e1rai: Salg\u00f3tarj\u00e1nban: Must\u00f3 J\u00e1nos, Czinke Ferenc.<\/p>\n<p>Kecskem\u00e9ten az \u00f3v\u00f3n\u0151k\u00e9pz\u0151ben: B\u00e1ron L\u00e1szl\u00f3, S\u00e1nta Magdolna, Szappanos Istv\u00e1n.<\/p>\n<p>Sz\u00e1mtalan csoportos \u00e9s \u00f6n\u00e1ll\u00f3 ki\u00e1ll\u00edt\u00e1son vett r\u00e9szt. ( Sz\u00e9cs\u00e9nyi \u0151szi t\u00e1rlat, Balassi B\u00e1lint Asztalt\u00e1rsas\u00e1g, Amat\u0151r \u00c1trium ki\u00e1ll\u00edt\u00e1sai, Orsz\u00e1gos Eszencia T\u00e1rlat)<\/p>\n<p>K\u00e9pei eljutottak a megye \u00e9s az orsz\u00e1g t\u00f6bb v\u00e1ros\u00e1ba, \u00e9s orsz\u00e1gunk hat\u00e1rain t\u00falra is.<\/p>\n<p>Tagja a Balassi B\u00e1lint Asztalt\u00e1rsas\u00e1gnak, a Koh\u00e1sz K\u00e9pz\u0151m\u0171v\u00e9szek K\u00f6r\u00e9nek, a Karancsaljai K\u00e9pz\u0151 \u00e9s K\u00e9zm\u0171ves K\u00f6rnek, a David Artsnak \u00e9s a Jancs\u00f3 Arts Gal\u00e9ri\u00e1nak.<\/p>\n<p>2008-ban d\u00edjazt\u00e1k az Amat\u0151r Atrium p\u00e1ly\u00e1zat\u00e1n \u00e9s Pr\u00edma D\u00edjra jel\u00f6lt\u00e9k N\u00f3gr\u00e1d megy\u00e9ben, Valamint, 2016-ban Alkot\u00f3i N\u00edv\u00f3d\u00edjat kapott.<\/p>\n<ol start=\"2018\">\n<li>m\u00e1rcius 25-\u00e9n nagy megtiszteltet\u00e9s \u00e9rte mikor az \u201e\u00d6lel\u00e9s\u201d c\u00edm\u0171 t\u0171zzom\u00e1nc k\u00e9p\u00e9\u00e9rt Budapesten az Unio Gallery Bienn\u00e1l\u00e1j\u00e1n a Bronz fokozat III. D\u00edj\u00e1t adom\u00e1nyozt\u00e1k.<\/li>\n<\/ol>\n<p>A Baglyasalja Bar\u00e1tainak K\u00f6re nev\u00e9ben Kov\u00e1cs L\u00e1szl\u00f3n\u00e9 eln\u00f6k m\u00e9ltatta a ki\u00e1ll\u00edt\u00e1st \u00e9s a bemutatott m\u0171vek megtekint\u00e9se ut\u00e1n k\u00f6tetlen besz\u00e9lget\u00e9sre h\u00edvta meg a kedves vend\u00e9geket.<\/p>\n<p style=\"text-align: right;\">D\u00e9csey Ferencn\u00e9<\/p>\n<p>K\u00e9peket k\u00e9sz\u00edtette: P. T\u00f3th L\u00e1szl\u00f3<\/p>\n<p>[ngg_images source=&#8221;galleries&#8221; container_ids=&#8221;271&#8243; display_type=&#8221;photocrati-nextgen_basic_thumbnails&#8221; override_thumbnail_settings=&#8221;1&#8243; thumbnail_width=&#8221;100&#8243; thumbnail_height=&#8221;75&#8243; thumbnail_crop=&#8221;1&#8243; images_per_page=&#8221;0&#8243; number_of_columns=&#8221;0&#8243; ajax_pagination=&#8221;1&#8243; show_all_in_lightbox=&#8221;0&#8243; use_imagebrowser_effect=&#8221;0&#8243; show_slideshow_link=&#8221;0&#8243; slideshow_link_text=&#8221;[Diavet\u00edt\u00e9s]&#8221; order_by=&#8221;filename&#8221; order_direction=&#8221;ASC&#8221; returns=&#8221;included&#8221; maximum_entity_count=&#8221;500&#8243;]<\/p>\n<p>&nbsp;<\/p>\n","protected":false},"excerpt":{"rendered":"<p>\u201e A sz\u00e9ps\u00e9g teremt m\u0171v\u00e9szetet\u201d Fancsik De\u00e1k Ibolya alkot\u00f3 ki\u00e1ll\u00edt\u00e1sa &nbsp;\u201eCsak az er\u0151s ember ismeri a szeretetet, csak a szeretet \u00e9rti meg a sz\u00e9ps\u00e9get, csak a sz\u00e9ps\u00e9g teremt m\u0171v\u00e9szetet.\u201d \/Richard Wagner\/ Saj\u00e1t \u00e9rz\u00e9svil\u00e1g\u00e1t \u00e9s&#46;&#46;&#46;<\/p>\n","protected":false},"author":4,"featured_media":10325,"comment_status":"open","ping_status":"open","sticky":false,"template":"","format":"standard","meta":{"footnotes":""},"categories":[1],"tags":[],"class_list":["post-10294","post","type-post","status-publish","format-standard","has-post-thumbnail","hentry","category-baglyasalja"],"_links":{"self":[{"href":"http:\/\/www.baglyasalja.hu\/baglyas\/index.php?rest_route=\/wp\/v2\/posts\/10294","targetHints":{"allow":["GET"]}}],"collection":[{"href":"http:\/\/www.baglyasalja.hu\/baglyas\/index.php?rest_route=\/wp\/v2\/posts"}],"about":[{"href":"http:\/\/www.baglyasalja.hu\/baglyas\/index.php?rest_route=\/wp\/v2\/types\/post"}],"author":[{"embeddable":true,"href":"http:\/\/www.baglyasalja.hu\/baglyas\/index.php?rest_route=\/wp\/v2\/users\/4"}],"replies":[{"embeddable":true,"href":"http:\/\/www.baglyasalja.hu\/baglyas\/index.php?rest_route=%2Fwp%2Fv2%2Fcomments&post=10294"}],"version-history":[{"count":2,"href":"http:\/\/www.baglyasalja.hu\/baglyas\/index.php?rest_route=\/wp\/v2\/posts\/10294\/revisions"}],"predecessor-version":[{"id":10324,"href":"http:\/\/www.baglyasalja.hu\/baglyas\/index.php?rest_route=\/wp\/v2\/posts\/10294\/revisions\/10324"}],"wp:featuredmedia":[{"embeddable":true,"href":"http:\/\/www.baglyasalja.hu\/baglyas\/index.php?rest_route=\/wp\/v2\/media\/10325"}],"wp:attachment":[{"href":"http:\/\/www.baglyasalja.hu\/baglyas\/index.php?rest_route=%2Fwp%2Fv2%2Fmedia&parent=10294"}],"wp:term":[{"taxonomy":"category","embeddable":true,"href":"http:\/\/www.baglyasalja.hu\/baglyas\/index.php?rest_route=%2Fwp%2Fv2%2Fcategories&post=10294"},{"taxonomy":"post_tag","embeddable":true,"href":"http:\/\/www.baglyasalja.hu\/baglyas\/index.php?rest_route=%2Fwp%2Fv2%2Ftags&post=10294"}],"curies":[{"name":"wp","href":"https:\/\/api.w.org\/{rel}","templated":true}]}}