{"id":10029,"date":"2018-06-12T17:04:17","date_gmt":"2018-06-12T15:04:17","guid":{"rendered":"http:\/\/www.baglyasalja.hu\/baglyas\/?p=10029"},"modified":"2018-06-12T17:04:33","modified_gmt":"2018-06-12T15:04:33","slug":"szoboravato-unnepseg","status":"publish","type":"post","link":"http:\/\/www.baglyasalja.hu\/baglyas\/?p=10029","title":{"rendered":"Szoboravat\u00f3 \u00fcnneps\u00e9g"},"content":{"rendered":"<p>Szoboravat\u00f3 \u00fcnneps\u00e9gre ker\u00fclt sor a baglyasaljai temet\u0151be m\u00e1jus 15-\u00e9n az I. vil\u00e1gh\u00e1bor\u00fas eml\u00e9km\u0171 restaur\u00e1ci\u00f3ja alkalm\u00e1b\u00f3l. Az \u00fcnnepi besz\u00e9det D\u00e1niel Zolt\u00e1n Salg\u00f3tarj\u00e1n Megyei Jog\u00fa V\u00e1ros alpolg\u00e1rmestere mondta el, hangs\u00falyozva, hogy a m\u00falt eml\u00e9keit \u00e1polni kell \u00e9s nem hagyhatjuk feled\u00e9sbe veszni.<br \/>\nKov\u00e1cs L\u00e1szl\u00f3n\u00e9 a Baglyasalja Bar\u00e1tainak K\u00f6re eln\u00f6ke megk\u00f6sz\u00f6nte az eml\u00e9km\u0171 fel\u00faj\u00edt\u00e1s\u00e1t \u00e9s hangs\u00falyozta, hogy az egyes\u00fclet tov\u00e1bbra is fontosnak tartja a hagyom\u00e1ny \u0151rz\u00e9st.<br \/>\nV\u00e9gezet\u00fcl Mocs\u00e1ri Zolt\u00e1n az alkalomhoz ill\u0151en Arany J\u00e1nos vers\u00e9t mondta el a jelenl\u00e9v\u0151knek.<\/p>\n<p><img decoding=\"async\" src=\"http:\/\/www.baglyasalja.hu\/baglyas\/wp-content\/gallery\/180515\/180515_1.jpg\"\/><\/p>\n<p><img decoding=\"async\" src=\"http:\/\/www.baglyasalja.hu\/baglyas\/wp-content\/gallery\/180515\/180515_2.jpg\"\/><\/p>\n<p><img decoding=\"async\" src=\"http:\/\/www.baglyasalja.hu\/baglyas\/wp-content\/gallery\/180515\/180515_3.jpg\"\/><\/p>\n<p><img decoding=\"async\" src=\"http:\/\/www.baglyasalja.hu\/baglyas\/wp-content\/gallery\/180515\/180515_4.jpg\"\/><\/p>\n<p><img decoding=\"async\" src=\"http:\/\/www.baglyasalja.hu\/baglyas\/wp-content\/gallery\/180515\/180515_5.jpg\"\/><\/p>\n","protected":false},"excerpt":{"rendered":"<p>Szoboravat\u00f3 \u00fcnneps\u00e9gre ker\u00fclt sor a baglyasaljai temet\u0151be m\u00e1jus 15-\u00e9n az I. vil\u00e1gh\u00e1bor\u00fas eml\u00e9km\u0171 restaur\u00e1ci\u00f3ja alkalm\u00e1b\u00f3l. Az \u00fcnnepi besz\u00e9det D\u00e1niel Zolt\u00e1n Salg\u00f3tarj\u00e1n Megyei Jog\u00fa V\u00e1ros alpolg\u00e1rmestere mondta el, hangs\u00falyozva, hogy a m\u00falt eml\u00e9keit \u00e1polni kell&#46;&#46;&#46;<\/p>\n","protected":false},"author":1,"featured_media":10030,"comment_status":"open","ping_status":"open","sticky":false,"template":"","format":"standard","meta":{"footnotes":""},"categories":[1],"tags":[],"class_list":["post-10029","post","type-post","status-publish","format-standard","has-post-thumbnail","hentry","category-baglyasalja"],"_links":{"self":[{"href":"http:\/\/www.baglyasalja.hu\/baglyas\/index.php?rest_route=\/wp\/v2\/posts\/10029","targetHints":{"allow":["GET"]}}],"collection":[{"href":"http:\/\/www.baglyasalja.hu\/baglyas\/index.php?rest_route=\/wp\/v2\/posts"}],"about":[{"href":"http:\/\/www.baglyasalja.hu\/baglyas\/index.php?rest_route=\/wp\/v2\/types\/post"}],"author":[{"embeddable":true,"href":"http:\/\/www.baglyasalja.hu\/baglyas\/index.php?rest_route=\/wp\/v2\/users\/1"}],"replies":[{"embeddable":true,"href":"http:\/\/www.baglyasalja.hu\/baglyas\/index.php?rest_route=%2Fwp%2Fv2%2Fcomments&post=10029"}],"version-history":[{"count":0,"href":"http:\/\/www.baglyasalja.hu\/baglyas\/index.php?rest_route=\/wp\/v2\/posts\/10029\/revisions"}],"wp:featuredmedia":[{"embeddable":true,"href":"http:\/\/www.baglyasalja.hu\/baglyas\/index.php?rest_route=\/wp\/v2\/media\/10030"}],"wp:attachment":[{"href":"http:\/\/www.baglyasalja.hu\/baglyas\/index.php?rest_route=%2Fwp%2Fv2%2Fmedia&parent=10029"}],"wp:term":[{"taxonomy":"category","embeddable":true,"href":"http:\/\/www.baglyasalja.hu\/baglyas\/index.php?rest_route=%2Fwp%2Fv2%2Fcategories&post=10029"},{"taxonomy":"post_tag","embeddable":true,"href":"http:\/\/www.baglyasalja.hu\/baglyas\/index.php?rest_route=%2Fwp%2Fv2%2Ftags&post=10029"}],"curies":[{"name":"wp","href":"https:\/\/api.w.org\/{rel}","templated":true}]}}